{"id":4031,"date":"2025-07-29T23:57:45","date_gmt":"2025-07-29T23:57:45","guid":{"rendered":"http:\/\/temp.elcaminocanada.com\/?p=4031"},"modified":"2025-09-12T23:59:56","modified_gmt":"2025-09-12T23:59:56","slug":"canada-must-reform-immigration-to-prevent-an-economic-crisis-in-2025","status":"publish","type":"post","link":"https:\/\/elcaminocanada.com\/es\/canada-must-reform-immigration-to-prevent-an-economic-crisis-in-2025\/","title":{"rendered":"Canad\u00e1 debe reformar la inmigraci\u00f3n para evitar una crisis econ\u00f3mica en 2025"},"content":{"rendered":"<p>Canad\u00e1 se enfrenta a un dilema cr\u00edtico en materia de inmigraci\u00f3n en 2025, entre la creciente presi\u00f3n pol\u00edtica a favor de l\u00edmites estrictos y la necesidad econ\u00f3mica de reci\u00e9n llegados cualificados. El l\u00edder conservador Pierre Poilievre aboga por l\u00edmites estrictos a la inmigraci\u00f3n debido a la presi\u00f3n sobre la vivienda y el empleo, mientras que los economistas advierten de que esto podr\u00eda agravar la escasez de mano de obra y estancar el crecimiento. Con una mano de obra envejecida y una emigraci\u00f3n r\u00e9cord, Canad\u00e1 debe adoptar una estrategia de inmigraci\u00f3n m\u00e1s inteligente y espec\u00edfica para cada sector. Dar prioridad a los sectores de la sanidad, la tecnolog\u00eda, la construcci\u00f3n y la educaci\u00f3n, y racionalizar los itinerarios de trabajo temporal a permanente, podr\u00eda garantizar una prosperidad sostenida. En lugar de recortar la inmigraci\u00f3n, alinearla con la capacidad y las infraestructuras regionales es clave para transformar la crisis actual en fortaleza econ\u00f3mica a largo plazo.<\/p>","protected":false},"excerpt":{"rendered":"<p>Canada faces a critical immigration dilemma in 2025\u2014torn between growing political pressure for hard caps and the economic need for skilled newcomers. Conservative leader Pierre Poilievre advocates strict immigration limits due to housing and job strain, while economists warn this could worsen labour shortages and stall growth. With an aging workforce and record emigration, Canada<\/p>","protected":false},"author":2,"featured_media":4033,"comment_status":"closed","ping_status":"open","sticky":false,"template":"","format":"standard","meta":{"inline_featured_image":false,"footnotes":""},"categories":[42],"tags":[43,367,11],"class_list":["post-4031","post","type-post","status-publish","format-standard","has-post-thumbnail","hentry","category-immigration","tag-canada-immigration","tag-economic-crisis","tag-immigration"],"aioseo_notices":[],"_links":{"self":[{"href":"https:\/\/elcaminocanada.com\/es\/wp-json\/wp\/v2\/posts\/4031","targetHints":{"allow":["GET"]}}],"collection":[{"href":"https:\/\/elcaminocanada.com\/es\/wp-json\/wp\/v2\/posts"}],"about":[{"href":"https:\/\/elcaminocanada.com\/es\/wp-json\/wp\/v2\/types\/post"}],"author":[{"embeddable":true,"href":"https:\/\/elcaminocanada.com\/es\/wp-json\/wp\/v2\/users\/2"}],"replies":[{"embeddable":true,"href":"https:\/\/elcaminocanada.com\/es\/wp-json\/wp\/v2\/comments?post=4031"}],"version-history":[{"count":1,"href":"https:\/\/elcaminocanada.com\/es\/wp-json\/wp\/v2\/posts\/4031\/revisions"}],"predecessor-version":[{"id":4034,"href":"https:\/\/elcaminocanada.com\/es\/wp-json\/wp\/v2\/posts\/4031\/revisions\/4034"}],"wp:featuredmedia":[{"embeddable":true,"href":"https:\/\/elcaminocanada.com\/es\/wp-json\/wp\/v2\/media\/4033"}],"wp:attachment":[{"href":"https:\/\/elcaminocanada.com\/es\/wp-json\/wp\/v2\/media?parent=4031"}],"wp:term":[{"taxonomy":"category","embeddable":true,"href":"https:\/\/elcaminocanada.com\/es\/wp-json\/wp\/v2\/categories?post=4031"},{"taxonomy":"post_tag","embeddable":true,"href":"https:\/\/elcaminocanada.com\/es\/wp-json\/wp\/v2\/tags?post=4031"}],"curies":[{"name":"wp","href":"https:\/\/api.w.org\/{rel}","templated":true}]}}