{"id":4031,"date":"2025-07-29T23:57:45","date_gmt":"2025-07-29T23:57:45","guid":{"rendered":"http:\/\/temp.elcaminocanada.com\/?p=4031"},"modified":"2025-09-12T23:59:56","modified_gmt":"2025-09-12T23:59:56","slug":"canada-must-reform-immigration-to-prevent-an-economic-crisis-in-2025","status":"publish","type":"post","link":"https:\/\/elcaminocanada.com\/fr\/canada-must-reform-immigration-to-prevent-an-economic-crisis-in-2025\/","title":{"rendered":"Le Canada doit r\u00e9former l'immigration pour \u00e9viter une crise \u00e9conomique en 2025"},"content":{"rendered":"<p>Canada faces a critical immigration dilemma in 2025\u2014torn between growing political pressure for hard caps and the economic need for skilled newcomers. Conservative leader Pierre Poilievre advocates strict immigration limits due to housing and job strain, while economists warn this could worsen labour shortages and stall growth. With an aging workforce and record emigration, Canada must adopt a smarter, sector-specific immigration strategy. Prioritizing healthcare, tech, construction, and education, and streamlining temporary-to-permanent pathways, could ensure sustained prosperity. Rather than cutting immigration, aligning it with regional capacity and infrastructure is key to transforming today\u2019s crisis into long-term economic strength.<\/p>","protected":false},"excerpt":{"rendered":"<p>Canada faces a critical immigration dilemma in 2025\u2014torn between growing political pressure for hard caps and the economic need for skilled newcomers. Conservative leader Pierre Poilievre advocates strict immigration limits due to housing and job strain, while economists warn this could worsen labour shortages and stall growth. With an aging workforce and record emigration, Canada<\/p>","protected":false},"author":2,"featured_media":4033,"comment_status":"closed","ping_status":"open","sticky":false,"template":"","format":"standard","meta":{"inline_featured_image":false,"footnotes":""},"categories":[42],"tags":[43,367,11],"class_list":["post-4031","post","type-post","status-publish","format-standard","has-post-thumbnail","hentry","category-immigration","tag-canada-immigration","tag-economic-crisis","tag-immigration"],"aioseo_notices":[],"_links":{"self":[{"href":"https:\/\/elcaminocanada.com\/fr\/wp-json\/wp\/v2\/posts\/4031","targetHints":{"allow":["GET"]}}],"collection":[{"href":"https:\/\/elcaminocanada.com\/fr\/wp-json\/wp\/v2\/posts"}],"about":[{"href":"https:\/\/elcaminocanada.com\/fr\/wp-json\/wp\/v2\/types\/post"}],"author":[{"embeddable":true,"href":"https:\/\/elcaminocanada.com\/fr\/wp-json\/wp\/v2\/users\/2"}],"replies":[{"embeddable":true,"href":"https:\/\/elcaminocanada.com\/fr\/wp-json\/wp\/v2\/comments?post=4031"}],"version-history":[{"count":1,"href":"https:\/\/elcaminocanada.com\/fr\/wp-json\/wp\/v2\/posts\/4031\/revisions"}],"predecessor-version":[{"id":4034,"href":"https:\/\/elcaminocanada.com\/fr\/wp-json\/wp\/v2\/posts\/4031\/revisions\/4034"}],"wp:featuredmedia":[{"embeddable":true,"href":"https:\/\/elcaminocanada.com\/fr\/wp-json\/wp\/v2\/media\/4033"}],"wp:attachment":[{"href":"https:\/\/elcaminocanada.com\/fr\/wp-json\/wp\/v2\/media?parent=4031"}],"wp:term":[{"taxonomy":"category","embeddable":true,"href":"https:\/\/elcaminocanada.com\/fr\/wp-json\/wp\/v2\/categories?post=4031"},{"taxonomy":"post_tag","embeddable":true,"href":"https:\/\/elcaminocanada.com\/fr\/wp-json\/wp\/v2\/tags?post=4031"}],"curies":[{"name":"wp","href":"https:\/\/api.w.org\/{rel}","templated":true}]}}