{"id":4070,"date":"2025-08-25T00:19:42","date_gmt":"2025-08-25T00:19:42","guid":{"rendered":"http:\/\/temp.elcaminocanada.com\/?p=4070"},"modified":"2025-09-13T00:22:40","modified_gmt":"2025-09-13T00:22:40","slug":"canadas-bill-c-3-sparks-concerns-over-citizenship-integrity","status":"publish","type":"post","link":"https:\/\/elcaminocanada.com\/fr\/canadas-bill-c-3-sparks-concerns-over-citizenship-integrity\/","title":{"rendered":"Le projet de loi canadien C-3 suscite des inqui\u00e9tudes quant \u00e0 l'int\u00e9grit\u00e9 de la citoyennet\u00e9"},"content":{"rendered":"<p>Le projet de loi C-3 du gouvernement de Mark Carney, con\u00e7u pour aider les enfants de Canadiens n\u00e9s \u00e0 l'\u00e9tranger \u00e0 obtenir la citoyennet\u00e9, fait l'objet d'un examen de plus en plus minutieux en raison de sa disposition relative \u00e0 la r\u00e9sidence illimit\u00e9e. Tout en s'attaquant \u00e0 la r\u00e8gle inconstitutionnelle de 2009 sur l'interruption de la premi\u00e8re g\u00e9n\u00e9ration, les experts avertissent que l'\u00e9limination du d\u00e9lai pour accumuler les 1 095 jours de pr\u00e9sence physique requis pourrait compliquer de mani\u00e8re significative les processus d'administration et de v\u00e9rification. \u00c9tant donn\u00e9 que des millions de Canadiens de deuxi\u00e8me g\u00e9n\u00e9ration vivant \u00e0 l'\u00e9tranger pourraient \u00eatre autoris\u00e9s \u00e0 pr\u00e9senter une demande, les critiques soutiennent que le projet de loi cr\u00e9e deux cat\u00e9gories de citoyens et pourrait permettre \u00e0 des personnes ayant des liens minimes avec le Canada d'obtenir la citoyennet\u00e9, ce qui soul\u00e8verait des probl\u00e8mes de souverainet\u00e9 et des risques d'ing\u00e9rence de la part de pays \u00e9trangers.<\/p>","protected":false},"excerpt":{"rendered":"<p>The Mark Carney government\u2019s Bill C-3, designed to help foreign-born children of Canadians born abroad gain citizenship, faces growing scrutiny over its open-ended residency provision. While addressing the unconstitutional 2009 first-generation cutoff rule, experts warn that eliminating the timeframe for accumulating the required 1,095 days of physical presence could significantly complicate administration and verification processes.<\/p>","protected":false},"author":2,"featured_media":4072,"comment_status":"closed","ping_status":"open","sticky":false,"template":"","format":"standard","meta":{"inline_featured_image":false,"footnotes":""},"categories":[42],"tags":[372,373,157],"class_list":["post-4070","post","type-post","status-publish","format-standard","has-post-thumbnail","hentry","category-immigration","tag-bill-c-3","tag-born-abroad","tag-citizenship"],"aioseo_notices":[],"_links":{"self":[{"href":"https:\/\/elcaminocanada.com\/fr\/wp-json\/wp\/v2\/posts\/4070","targetHints":{"allow":["GET"]}}],"collection":[{"href":"https:\/\/elcaminocanada.com\/fr\/wp-json\/wp\/v2\/posts"}],"about":[{"href":"https:\/\/elcaminocanada.com\/fr\/wp-json\/wp\/v2\/types\/post"}],"author":[{"embeddable":true,"href":"https:\/\/elcaminocanada.com\/fr\/wp-json\/wp\/v2\/users\/2"}],"replies":[{"embeddable":true,"href":"https:\/\/elcaminocanada.com\/fr\/wp-json\/wp\/v2\/comments?post=4070"}],"version-history":[{"count":1,"href":"https:\/\/elcaminocanada.com\/fr\/wp-json\/wp\/v2\/posts\/4070\/revisions"}],"predecessor-version":[{"id":4073,"href":"https:\/\/elcaminocanada.com\/fr\/wp-json\/wp\/v2\/posts\/4070\/revisions\/4073"}],"wp:featuredmedia":[{"embeddable":true,"href":"https:\/\/elcaminocanada.com\/fr\/wp-json\/wp\/v2\/media\/4072"}],"wp:attachment":[{"href":"https:\/\/elcaminocanada.com\/fr\/wp-json\/wp\/v2\/media?parent=4070"}],"wp:term":[{"taxonomy":"category","embeddable":true,"href":"https:\/\/elcaminocanada.com\/fr\/wp-json\/wp\/v2\/categories?post=4070"},{"taxonomy":"post_tag","embeddable":true,"href":"https:\/\/elcaminocanada.com\/fr\/wp-json\/wp\/v2\/tags?post=4070"}],"curies":[{"name":"wp","href":"https:\/\/api.w.org\/{rel}","templated":true}]}}