{"id":4102,"date":"2025-09-10T16:41:39","date_gmt":"2025-09-10T16:41:39","guid":{"rendered":"http:\/\/temp.elcaminocanada.com\/?p=4102"},"modified":"2025-09-15T16:44:41","modified_gmt":"2025-09-15T16:44:41","slug":"temporary-foreign-worker-program-divides-canadians-along-age-regional-and-political-lines-a-new-poll-reveals","status":"publish","type":"post","link":"https:\/\/elcaminocanada.com\/fr\/temporary-foreign-worker-program-divides-canadians-along-age-regional-and-political-lines-a-new-poll-reveals\/","title":{"rendered":"Un nouveau sondage r\u00e9v\u00e8le que le programme des travailleurs \u00e9trangers temporaires divise les Canadiens en fonction de leur \u00e2ge, de leur r\u00e9gion et de leur appartenance politique."},"content":{"rendered":"<div class=\"entry-content\">\n<p>Une r\u00e9cente enqu\u00eate d'Abacus Data<u><\/u> r\u00e9v\u00e8le d'importantes divisions parmi les Canadiens concernant l'\u00e9limination du Programme des travailleurs \u00e9trangers temporaires (PTET), 44% \u00e9tant en faveur de son \u00e9limination progressive, tandis que 30% s'y opposent. L'\u00e9tude identifie des tendances d\u00e9mographiques claires, les jeunes Canadiens (48-50%) et les r\u00e9sidents des Prairies (49-54%) montrant le plus fort soutien, tandis que le Qu\u00e9bec (34%) reste le plus r\u00e9fractaire. Les \u00e9lecteurs conservateurs (61%) sont massivement favorables \u00e0 l'\u00e9limination, tandis que les \u00e9lecteurs lib\u00e9raux sont partag\u00e9s (37% soutiennent, 39% s'opposent), ce qui constitue une question \u00e9pineuse pour le gouvernement Carney, alors que les pr\u00e9occupations en mati\u00e8re d'immigration ne cessent de cro\u00eetre \u00e0 l'\u00e9chelle nationale.<\/p>\n<\/div>","protected":false},"excerpt":{"rendered":"<p>A recent Abacus Data survey reveals significant divisions among Canadians regarding the elimination of the Temporary Foreign Worker Program (TFWP), with 44% supporting its phase-out while 30% oppose it. The research identifies clear demographic patterns, with younger Canadians (48-50%) and Prairie residents (49-54%) showing the strongest support, while Quebec (34%) remains the most resistant. Conservative<\/p>","protected":false},"author":2,"featured_media":4104,"comment_status":"closed","ping_status":"open","sticky":false,"template":"","format":"standard","meta":{"inline_featured_image":false,"footnotes":""},"categories":[251],"tags":[164],"class_list":["post-4102","post","type-post","status-publish","format-standard","has-post-thumbnail","hentry","category-tfwp","tag-tfwp"],"aioseo_notices":[],"_links":{"self":[{"href":"https:\/\/elcaminocanada.com\/fr\/wp-json\/wp\/v2\/posts\/4102","targetHints":{"allow":["GET"]}}],"collection":[{"href":"https:\/\/elcaminocanada.com\/fr\/wp-json\/wp\/v2\/posts"}],"about":[{"href":"https:\/\/elcaminocanada.com\/fr\/wp-json\/wp\/v2\/types\/post"}],"author":[{"embeddable":true,"href":"https:\/\/elcaminocanada.com\/fr\/wp-json\/wp\/v2\/users\/2"}],"replies":[{"embeddable":true,"href":"https:\/\/elcaminocanada.com\/fr\/wp-json\/wp\/v2\/comments?post=4102"}],"version-history":[{"count":1,"href":"https:\/\/elcaminocanada.com\/fr\/wp-json\/wp\/v2\/posts\/4102\/revisions"}],"predecessor-version":[{"id":4105,"href":"https:\/\/elcaminocanada.com\/fr\/wp-json\/wp\/v2\/posts\/4102\/revisions\/4105"}],"wp:featuredmedia":[{"embeddable":true,"href":"https:\/\/elcaminocanada.com\/fr\/wp-json\/wp\/v2\/media\/4104"}],"wp:attachment":[{"href":"https:\/\/elcaminocanada.com\/fr\/wp-json\/wp\/v2\/media?parent=4102"}],"wp:term":[{"taxonomy":"category","embeddable":true,"href":"https:\/\/elcaminocanada.com\/fr\/wp-json\/wp\/v2\/categories?post=4102"},{"taxonomy":"post_tag","embeddable":true,"href":"https:\/\/elcaminocanada.com\/fr\/wp-json\/wp\/v2\/tags?post=4102"}],"curies":[{"name":"wp","href":"https:\/\/api.w.org\/{rel}","templated":true}]}}